{"id":6667,"date":"2014-09-25T16:59:31","date_gmt":"2014-09-25T15:59:31","guid":{"rendered":"http:\/\/www.gsv-zwickau.de\/?p=6667"},"modified":"2014-09-25T16:59:31","modified_gmt":"2014-09-25T15:59:31","slug":"urlaubsgruesse-fuer-die-daheim-gebliebene","status":"publish","type":"post","link":"http:\/\/www.gsv-zwickau.de\/?p=6667","title":{"rendered":"Urlaubsgr\u00fc\u00dfe f\u00fcr die Daheim gebliebene &#8230;"},"content":{"rendered":"<p style=\"text-align: center;\"><a href=\"http:\/\/www.gsv-zwickau.de\/wp-content\/uploads\/2014\/09\/Aidareise.jpg\"><img decoding=\"async\" loading=\"lazy\" class=\"alignleft  wp-image-6668\" src=\"http:\/\/www.gsv-zwickau.de\/wp-content\/uploads\/2014\/09\/Aidareise-300x225.jpg\" alt=\"Aidareise\" width=\"344\" height=\"258\" srcset=\"http:\/\/www.gsv-zwickau.de\/wp-content\/uploads\/2014\/09\/Aidareise-300x225.jpg 300w, http:\/\/www.gsv-zwickau.de\/wp-content\/uploads\/2014\/09\/Aidareise.jpg 960w\" sizes=\"(max-width: 344px) 100vw, 344px\" \/><\/a>Weitab von Arbeit, Stadt und Trubel &#8230;<\/p>\n<p style=\"text-align: center;\">sitz\u00b4wir hoch droben, hier und schw\u00e4rm<\/p>\n<p style=\"text-align: center;\">Euch vor von einer and\u00b4ren Welt<\/p>\n<p style=\"text-align: center;\">die Euch sicher auch gef\u00e4llt.<\/p>\n<p style=\"text-align: center;\">Sonne, Berge, W\u00e4lder, Meer,<\/p>\n<p style=\"text-align: center;\">ach, wie ist das Leben sch\u00f6n.<\/p>\n<p style=\"text-align: center;\">An Euch gedacht, hier einen lieben Gru\u00df &#8230;<\/p>\n<p style=\"text-align: center;\"><strong>Karin &amp; Jana<\/strong><\/p>\n<p style=\"text-align: center;\">Besonderen Dank an Saskia, die uns ihre Fahne lieh.<\/p>\n","protected":false},"excerpt":{"rendered":"<p>Weitab von Arbeit, Stadt und Trubel &#8230; sitz\u00b4wir hoch droben, hier und schw\u00e4rm Euch vor von einer and\u00b4ren Welt die Euch sicher auch gef\u00e4llt. Sonne, Berge, W\u00e4lder, Meer, ach, wie ist das Leben sch\u00f6n. An Euch gedacht, hier einen lieben Gru\u00df &#8230; Karin &amp; Jana Besonderen Dank an Saskia, die uns ihre Fahne lieh.<\/p>\n","protected":false},"author":5,"featured_media":0,"comment_status":"closed","ping_status":"closed","sticky":false,"template":"","format":"standard","meta":{"ngg_post_thumbnail":0},"categories":[1],"tags":[],"_links":{"self":[{"href":"http:\/\/www.gsv-zwickau.de\/index.php?rest_route=\/wp\/v2\/posts\/6667"}],"collection":[{"href":"http:\/\/www.gsv-zwickau.de\/index.php?rest_route=\/wp\/v2\/posts"}],"about":[{"href":"http:\/\/www.gsv-zwickau.de\/index.php?rest_route=\/wp\/v2\/types\/post"}],"author":[{"embeddable":true,"href":"http:\/\/www.gsv-zwickau.de\/index.php?rest_route=\/wp\/v2\/users\/5"}],"replies":[{"embeddable":true,"href":"http:\/\/www.gsv-zwickau.de\/index.php?rest_route=%2Fwp%2Fv2%2Fcomments&post=6667"}],"version-history":[{"count":2,"href":"http:\/\/www.gsv-zwickau.de\/index.php?rest_route=\/wp\/v2\/posts\/6667\/revisions"}],"predecessor-version":[{"id":6670,"href":"http:\/\/www.gsv-zwickau.de\/index.php?rest_route=\/wp\/v2\/posts\/6667\/revisions\/6670"}],"wp:attachment":[{"href":"http:\/\/www.gsv-zwickau.de\/index.php?rest_route=%2Fwp%2Fv2%2Fmedia&parent=6667"}],"wp:term":[{"taxonomy":"category","embeddable":true,"href":"http:\/\/www.gsv-zwickau.de\/index.php?rest_route=%2Fwp%2Fv2%2Fcategories&post=6667"},{"taxonomy":"post_tag","embeddable":true,"href":"http:\/\/www.gsv-zwickau.de\/index.php?rest_route=%2Fwp%2Fv2%2Ftags&post=6667"}],"curies":[{"name":"wp","href":"https:\/\/api.w.org\/{rel}","templated":true}]}}