{"id":9745,"date":"2021-08-31T13:55:00","date_gmt":"2021-08-31T12:55:00","guid":{"rendered":"http:\/\/www.gsv-zwickau.de\/?p=9745"},"modified":"2021-09-08T21:49:26","modified_gmt":"2021-09-08T20:49:26","slug":"deutsches-gehoerlosen-sportfest-2021-in-dresden","status":"publish","type":"post","link":"http:\/\/www.gsv-zwickau.de\/?p=9745","title":{"rendered":"Deutsches Geh\u00f6rlosen Sportfest 2021 in Dresden"},"content":{"rendered":"\n<figure class=\"wp-block-gallery alignleft columns-1 is-cropped wp-block-gallery-1 is-layout-flex\"><ul class=\"blocks-gallery-grid\"><li class=\"blocks-gallery-item\"><figure><img decoding=\"async\" loading=\"lazy\" width=\"1000\" height=\"542\" src=\"http:\/\/www.gsv-zwickau.de\/wp-content\/uploads\/2021\/08\/Bildschirmfoto-2021-08-31-um-14.32.51-1000x542.png\" alt=\"\" data-id=\"9746\" data-full-url=\"http:\/\/www.gsv-zwickau.de\/wp-content\/uploads\/2021\/08\/Bildschirmfoto-2021-08-31-um-14.32.51.png\" data-link=\"http:\/\/www.gsv-zwickau.de\/?attachment_id=9746\" class=\"wp-image-9746\" srcset=\"http:\/\/www.gsv-zwickau.de\/wp-content\/uploads\/2021\/08\/Bildschirmfoto-2021-08-31-um-14.32.51-1000x542.png 1000w, http:\/\/www.gsv-zwickau.de\/wp-content\/uploads\/2021\/08\/Bildschirmfoto-2021-08-31-um-14.32.51-300x163.png 300w, http:\/\/www.gsv-zwickau.de\/wp-content\/uploads\/2021\/08\/Bildschirmfoto-2021-08-31-um-14.32.51-768x416.png 768w, http:\/\/www.gsv-zwickau.de\/wp-content\/uploads\/2021\/08\/Bildschirmfoto-2021-08-31-um-14.32.51-1536x832.png 1536w, http:\/\/www.gsv-zwickau.de\/wp-content\/uploads\/2021\/08\/Bildschirmfoto-2021-08-31-um-14.32.51-2048x1110.png 2048w\" sizes=\"(max-width: 1000px) 100vw, 1000px\" \/><figcaption class=\"blocks-gallery-item__caption\"><a href=\"https:\/\/dresden-sportfest-2021.de\">https:\/\/dresden-sportfest-2021.de<\/a><\/figcaption><\/figure><\/li><\/ul><\/figure>\n\n\n\n<figure class=\"wp-block-embed is-type-video is-provider-youtube wp-block-embed-youtube wp-embed-aspect-16-9 wp-has-aspect-ratio\"><div class=\"wp-block-embed__wrapper\">\n<iframe loading=\"lazy\" title=\"Sportfest1\" width=\"640\" height=\"360\" src=\"https:\/\/www.youtube.com\/embed\/PLcw5XMU4Kk?feature=oembed\" frameborder=\"0\" allow=\"accelerometer; autoplay; clipboard-write; encrypted-media; gyroscope; picture-in-picture\" allowfullscreen><\/iframe>\n<\/div><\/figure>\n\n\n\n<figure class=\"wp-block-embed is-type-video is-provider-youtube wp-block-embed-youtube wp-embed-aspect-16-9 wp-has-aspect-ratio\"><div class=\"wp-block-embed__wrapper\">\n<iframe loading=\"lazy\" title=\"Sportfest2\" width=\"640\" height=\"360\" src=\"https:\/\/www.youtube.com\/embed\/Z4Zs0CumsW8?feature=oembed\" frameborder=\"0\" allow=\"accelerometer; autoplay; clipboard-write; encrypted-media; gyroscope; picture-in-picture\" allowfullscreen><\/iframe>\n<\/div><figcaption>Julian Heeb und Peggy Steinbach (Leichtathletik und Beachvolleyball)<\/figcaption><\/figure>\n\n\n\n<p><strong>Peggy Steinbach<\/strong>:&nbsp;Wir m\u00f6chten einen kurzen Bericht vom Sportfest in Dresden geben, bei dem viele unserer Sportler des GSV Zwickau teilnahmen. Zum Beispiel waren wir beim Beach-Volleyball, bei Leichtathletik, bei Nordic Walking und beim Wandern vertreten. Und unsere Sportler haben nicht nur Erfolge mit nach Hause gebracht, sondern auch viele sch\u00f6ne Erinnerungen an ein tolles Sportereignis.<br>Beim Beach-Volleyball der Damen gingen diesmal wieder als Teams&nbsp;meine&nbsp;Schwester&nbsp;Nelly Steinbachund ich, Anke Hersch und Pia Steinbach sowie&nbsp;Laura G\u00f6ckeritz&nbsp;mit der Berlinerin&nbsp;Andrea&nbsp;Starosczik&nbsp;an den Start.&nbsp;Somit war der GSV Zwickau sehr stark vertreten.&nbsp;Und auch bei den Herren spielten die Zwickauer&nbsp;Volleyballer um den Pokal mit. So waren die Teams Norman Steinbach und Matthias Sommer;Andreas&nbsp;Lenzenw\u00f6ger und&nbsp;der D\u00fcsseldorfer&nbsp;N.&nbsp;Rudnick sowie&nbsp;Tobias Franz und M. Sudy&nbsp;wieder&nbsp;mit dabei.<\/p>\n\n\n\n<p>Bei den Damen wurde am ersten Turniertag nach dem Spielprinzip \u201ejeder gegen jeden\u201c gespielt. Urspr\u00fcnglich hatten sich insgesamt 7 Teams angemeldet doch waren dann beim Sportfest nur noch 5 dabei. Am Samstag, dem zweiten Wettkampftag standen dann die Finalspiele an.&nbsp;Diese endeten so, dass&nbsp;wir&nbsp;Steinbach-Schwestern wieder den 1.&nbsp;Platz belegten, gefolgt von Laura und ihrer Berliner Teamkollegin, die beide Silber f\u00fcr Zwickau holten.&nbsp;Und sogar Bronze ging an den GSV, denn&nbsp;Pia Steinbach und Anke Hersch spielten sich auf den 3.&nbsp;Platz.<\/p>\n\n\n\n<p>Bei den Herren&nbsp;wurden&nbsp;ebenfalls&nbsp;spannende Spiele ausgetragen und in den Finalen ging es sehr knapp zu. Das Finalmatch wurde zwischen zwei sehr starken Teams ausgetragen, denn in beiden Mannschaften standen Nationalspieler auf dem Feld. So standen&nbsp;Franz und Rudy den&nbsp;beiden Volleyballernaus Neuwied und D\u00fcsseldorf &#8211; P\u00e4hler und Templin&nbsp;gegen\u00fcber. In der Vorrunde hatten die Zwickauer noch ihre Gegner geschlagen, doch nun am Ende wurden sie&nbsp;von ihnen&nbsp;besiegt. So erreichten sie einen verdienten 2.&nbsp;Platz. Das Team Steinbach\/Sommer belegte den 5. Platz und neunte wurden Lenzenw\u00f6ger und sein Mitspieler aus D\u00fcsseldorf.&nbsp;Alle spielten eindrucksvolle Matches.<\/p>\n\n\n\n<p>Urspr\u00fcnglich war geplant das Turnier in drei verschiedenen Altersklassen auszutragen, doch es gab zu wenige&nbsp;Anmeldungen, weswegen Spieler unterschiedlichen Alters gemeinsam antraten. Hart war dies vor allem f\u00fcr die \u201eSenioren-Volleyballer\u201c, die&nbsp;aber&nbsp;in&nbsp;den&nbsp;Matches gegen die Jungend durch ihre Erfahrung Punkte sammelten.&nbsp;<\/p>\n\n\n\n<p>Leider spielte das Wetter nicht mit, es regnete, war kalt, windig und wir froren. Ein Beach-Turnier mit so schlechtem Wetter habe ich bisher auch noch nicht erlebt. Es war sehr anstrengend, doch wir alle k\u00e4mpften und bissen die Z\u00e4hne zusammen und letztendlich waren wir erfolgreich.<\/p>\n\n\n\n<p><strong>Julian Heeb<\/strong>:&nbsp;Ich habe am Samstag bei den Leichtathletikwettk\u00e4mpfen teilgenommen und wir hatten einigerma\u00dfen Gl\u00fcck mit dem Wetter. Es waren akzeptable Wettkampfbedingungen. Da ich im 5-Kampf der M\u00e4nner antrat, musste ich die Disziplinen Diskus-Wurf, Speerwerfen, Weitsprung, 200m- Sprint und 1500m-Ausdauer absolvieren. Insgesamt war es ein sch\u00f6ner Wettkampftag, ich habe mich gut mit den anderen Sportlern unterhalten, wir hatten gemeinsam Spa\u00df, haben und gegenseitig motiviert und applaudiert. Obwohl wir eigentlich Konkurrenten waren, waren wir auch eine super Gruppe und es hat mir viel Spa\u00df&nbsp;gemacht,&nbsp;in der Leichtathletik anzutreten. Zu meiner \u00dcberraschung habe ich auch ein gutes Ergebnis erzielt, denn ich schaffte es im 5-Kampf den 1. Platz zu belegen. Und dass, obwohl ich erst in der Woche vor dem Sportfest das erste Mal mit dem Diskus und dem Speer trainiert habe.<\/p>\n\n\n\n<p><strong>Peggy Steinbach<\/strong>: Es war sehr unterhaltsam bei den verschiedenen Wettk\u00e4mpfen zuzuschauen. Leider war das Wetter nicht immer sch\u00f6n. So gab es auch beim Wandern und Nordic Walking reichlich Regen. Doch alle Sportler k\u00e4mpften sich durch und hatten durchaus auch Spa\u00df am Wandern und Laufen und berichteten, das die Wanderungen gut vorbereitet und gef\u00fchrt waren. Beim Nordic Walking kamen nur 5 Teilnehmer zusammen, doch sie hatten trotzdem einen tollen&nbsp;Lauf. Es war ein&nbsp;sch\u00f6nes&nbsp;und erfolgreiches Sportfest, dass allen in Erinnerung bleiben wird.&nbsp;<\/p>\n\n\n\n<p><strong>Julian Heeb<\/strong>:&nbsp;Toll&nbsp;war ebenfalls, dass man als Zuschauer&nbsp;vor Ort&nbsp;viele&nbsp;spannende&nbsp;Wettk\u00e4mpfe und Spiele anschauen konnte, zum Beispiel bei Basketball, Beach-Volleyball, Fu\u00dfball, Leichtathletik, Tennis. Viele Matches wurden im Stadion zeitgleich ausgetragen und man konnte \u00fcberall mal vorbeischauen.&nbsp;<\/p>\n\n\n\n<p>Auch die Er\u00f6ffnungsveranstaltung des Sportfestes war ein Hohepunkt. Es gab ein interessantes Programm mit Ansprachen&nbsp;der Sportvorst\u00e4nde und Organisatoren des Sportfestes.&nbsp;Die Veranstaltungwurde&nbsp;durch einen Moderator begleitet und es gab Tanzdarbietungen und&nbsp;den Auftritt einer Trommelgruppe.&nbsp;<\/p>\n\n\n\n<p>Bei der Abschlussveranstaltung standen vor allem die Ehrungen der&nbsp;erfolgreichsten&nbsp;Sportler auf dem Programm&nbsp;und es wurden auf der B\u00fchne&nbsp;die&nbsp;Medaillen und Pokale \u00fcberreicht. &nbsp;Au\u00dferdem gab es wieder einen Auftritt der Trommler, die mit ihren Rhythmen den Boden vibrieren lie\u00dfen.&nbsp;Au\u00dferdem&nbsp;\u201emalte\u201c&nbsp;eine&nbsp;K\u00fcnstlerin&nbsp;live&nbsp;auf der B\u00fchne&nbsp;Bilder aus Sand, die Szenen des 2. Weltkrieges&nbsp;in Dresden&nbsp;zeigten.&nbsp;<\/p>\n\n\n\n<p><strong>Peggy Steinbach<\/strong>:&nbsp;Dies zu beobachten, wie die Bilder entstanden und was sie zeigten,&nbsp;war&nbsp;wirklichbeeindruckend und ber\u00fchrend.&nbsp;Ebenso sch\u00f6n war die Lichtshow der T\u00e4nzer. Insgesamt war es ein sehr gut durchdachtes Programm, was auch passend f\u00fcr taube Menschen war, da es vor allem visuelle Darbieten enthielt. Als perfekten Abschluss des Sportfestes gab es noch ein gro\u00dfartiges Feuerwerk, dass G\u00e4nsehaut machte.<\/p>\n\n\n\n<p>Wer mehr zum Sportfest erfahren und auch alle Ergebnisse der Wettk\u00e4mpfe sehen m\u00f6chte, kann dies auf der Homepage der Sportfestes Dresden&nbsp;(<a href=\"https:\/\/dresden-sportfest-2021.de\/\">https:\/\/dresden-sportfest-2021.de<\/a>&nbsp;)&nbsp;tun. Dort gibt es&nbsp;auch&nbsp;viele Fotos, die einen Eindruck von der tollen Veranstaltung vermitteln.&nbsp;Viel Spa\u00df beim&nbsp;Anschauen.<\/p>\n\n\n\n<figure class=\"wp-block-embed is-type-video is-provider-youtube wp-block-embed-youtube wp-embed-aspect-16-9 wp-has-aspect-ratio\"><div class=\"wp-block-embed__wrapper\">\n<iframe loading=\"lazy\" title=\"Wandern\" width=\"640\" height=\"360\" src=\"https:\/\/www.youtube.com\/embed\/bVZqD96y1CQ?feature=oembed\" frameborder=\"0\" allow=\"accelerometer; autoplay; clipboard-write; encrypted-media; gyroscope; picture-in-picture\" allowfullscreen><\/iframe>\n<\/div><figcaption>Valentin Gr\u00fcnberger und Mama Saskia Fritsch (Wandern)<\/figcaption><\/figure>\n\n\n\n<p><strong>Wandern<\/strong><br>Am 27.08.2021 fand nach dreimaliger Verschiebung durch die Corona-Pandemie endlich das Deutsche Geh\u00f6rlosen Sportfest in Dresden statt.<br>Die 7 k\u00f6pfige Zwickauer Wandergruppe und 10 Teilnehmer aus anderen Bundesl\u00e4ndern nahmen teil.Treffpunkt war 9:30 Uhr am Dresdner HBF.<br>Die Wanderleiterin Kerstin Fengler begr\u00fc\u00dfte&nbsp;uns und f\u00fchrte uns per Tram bis zum Schillerplatz. Von dort aus liefen wir vom historischen Loschwitzer Dorfplatz \u00fcber das &#8222;Blaue Wunder&#8220; bis zur Standseilbahn und fuhren hoch zum Wei\u00dfen Hirsch. Kurze Anlaufpunkte waren die Villa&nbsp;\u201cSan Remo\u201c, der Aussichtsturm Friedensblick und das Dr. Steink\u00fchler Sanatorium.Wir liefen durch&nbsp;viel&nbsp;Wald und entdeckten&nbsp;Degele&nbsp;und die Schwestern-Quelle, den Steinbruch, den Kentaur, eine Mensch-Pferd-Skulptur, die Ruine auf dem Wolfsh\u00fcgel, Schloss Albrechtsberg und das Lingnerschloss. Leider konnten wir keine F\u00fchrung im Schloss machen.<br>Den ganzen Vormittag hat es nur geregnet, weswegen wir mit Schirm und festen Schuhen wanderten. Am Ende der Wanderung h\u00f6rte der Regen auf und am Schloss wurden wir mit einem wundervollen Blick auf die Elbe und die Stadt Dresden belohnt.<br>Auf dem Lingnerschloss bekamen alle Teilnehmer eine Urkunde als Erinnerung.Unser j\u00fcngster Wanderer, Valentin, gerade mal 4 Jahre alt, bekam eine Medaille.Die \u00e4lteste Teilnehmerin aus Braunschweig war 80 Jahre alt.Insgesamt&nbsp;sind wir 10 km gewandert, teilweise durchn\u00e4sst, aber gl\u00fccklich und froh,&nbsp;das Ziel erreicht&nbsp;zu&nbsp;haben.&nbsp;<\/p>\n\n\n\n<p>Karin und Jens Sehrig<\/p>\n\n\n\n<figure class=\"wp-block-image size-large\"><img decoding=\"async\" loading=\"lazy\" width=\"783\" height=\"750\" src=\"http:\/\/www.gsv-zwickau.de\/wp-content\/uploads\/2021\/09\/PHOTO-2021-08-31-21-51-04-6-783x750.jpg\" alt=\"\" class=\"wp-image-9779\" srcset=\"http:\/\/www.gsv-zwickau.de\/wp-content\/uploads\/2021\/09\/PHOTO-2021-08-31-21-51-04-6-783x750.jpg 783w, http:\/\/www.gsv-zwickau.de\/wp-content\/uploads\/2021\/09\/PHOTO-2021-08-31-21-51-04-6-300x287.jpg 300w, http:\/\/www.gsv-zwickau.de\/wp-content\/uploads\/2021\/09\/PHOTO-2021-08-31-21-51-04-6-768x735.jpg 768w, http:\/\/www.gsv-zwickau.de\/wp-content\/uploads\/2021\/09\/PHOTO-2021-08-31-21-51-04-6.jpg 919w\" sizes=\"(max-width: 783px) 100vw, 783px\" \/><\/figure>\n\n\n\n<!-- index.php -->\n<div\n\tclass=\"ngg-galleryoverview ngg-ajax-pagination-none\"\n\tid=\"ngg-gallery-4fb088e3089a679b966fd1a9a67a4f67-1\">\n\n    \t\t<!-- Thumbnails -->\n\t\t\t\t<div id=\"ngg-image-0\" class=\"ngg-gallery-thumbnail-box\" >\n\t\t\t\t        <div class=\"ngg-gallery-thumbnail\">\n            <a href=\"http:\/\/www.gsv-zwickau.de\/wp-content\/gallery\/wandern_21\/IMG_8014.JPG\"\n               title=\"\"\n               data-src=\"http:\/\/www.gsv-zwickau.de\/wp-content\/gallery\/wandern_21\/IMG_8014.JPG\"\n               data-thumbnail=\"http:\/\/www.gsv-zwickau.de\/wp-content\/gallery\/wandern_21\/thumbs\/thumbs_IMG_8014.JPG\"\n               data-image-id=\"2320\"\n               data-title=\"IMG_8014\"\n               data-description=\"\"\n               data-image-slug=\"img_8014\"\n               class=\"ngg-fancybox\" rel=\"4fb088e3089a679b966fd1a9a67a4f67\">\n                <img\n                    title=\"IMG_8014\"\n                    alt=\"IMG_8014\"\n                    src=\"http:\/\/www.gsv-zwickau.de\/wp-content\/gallery\/wandern_21\/thumbs\/thumbs_IMG_8014.JPG\"\n                    width=\"100\"\n                    height=\"75\"\n                    style=\"max-width:100%;\"\n                \/>\n            <\/a>\n        <\/div>\n\t\t\t\t\t\t\t<\/div> \n\t\t\t\n        \n\t\t\t\t<div id=\"ngg-image-1\" class=\"ngg-gallery-thumbnail-box\" >\n\t\t\t\t        <div class=\"ngg-gallery-thumbnail\">\n            <a href=\"http:\/\/www.gsv-zwickau.de\/wp-content\/gallery\/wandern_21\/IMG_8016.JPG\"\n               title=\"\"\n               data-src=\"http:\/\/www.gsv-zwickau.de\/wp-content\/gallery\/wandern_21\/IMG_8016.JPG\"\n               data-thumbnail=\"http:\/\/www.gsv-zwickau.de\/wp-content\/gallery\/wandern_21\/thumbs\/thumbs_IMG_8016.JPG\"\n               data-image-id=\"2319\"\n               data-title=\"IMG_8016\"\n               data-description=\"\"\n               data-image-slug=\"img_8016\"\n               class=\"ngg-fancybox\" rel=\"4fb088e3089a679b966fd1a9a67a4f67\">\n                <img\n                    title=\"IMG_8016\"\n                    alt=\"IMG_8016\"\n                    src=\"http:\/\/www.gsv-zwickau.de\/wp-content\/gallery\/wandern_21\/thumbs\/thumbs_IMG_8016.JPG\"\n                    width=\"100\"\n                    height=\"75\"\n                    style=\"max-width:100%;\"\n                \/>\n            <\/a>\n        <\/div>\n\t\t\t\t\t\t\t<\/div> \n\t\t\t\n        \n\t\t\t\t<div id=\"ngg-image-2\" class=\"ngg-gallery-thumbnail-box\" >\n\t\t\t\t        <div class=\"ngg-gallery-thumbnail\">\n            <a href=\"http:\/\/www.gsv-zwickau.de\/wp-content\/gallery\/wandern_21\/IMG_8038.JPG\"\n               title=\"\"\n               data-src=\"http:\/\/www.gsv-zwickau.de\/wp-content\/gallery\/wandern_21\/IMG_8038.JPG\"\n               data-thumbnail=\"http:\/\/www.gsv-zwickau.de\/wp-content\/gallery\/wandern_21\/thumbs\/thumbs_IMG_8038.JPG\"\n               data-image-id=\"2321\"\n               data-title=\"IMG_8038\"\n               data-description=\"\"\n               data-image-slug=\"img_8038\"\n               class=\"ngg-fancybox\" rel=\"4fb088e3089a679b966fd1a9a67a4f67\">\n                <img\n                    title=\"IMG_8038\"\n                    alt=\"IMG_8038\"\n                    src=\"http:\/\/www.gsv-zwickau.de\/wp-content\/gallery\/wandern_21\/thumbs\/thumbs_IMG_8038.JPG\"\n                    width=\"100\"\n                    height=\"75\"\n                    style=\"max-width:100%;\"\n                \/>\n            <\/a>\n        <\/div>\n\t\t\t\t\t\t\t<\/div> \n\t\t\t\n        \n\t\t\t\t<div id=\"ngg-image-3\" class=\"ngg-gallery-thumbnail-box\" >\n\t\t\t\t        <div class=\"ngg-gallery-thumbnail\">\n            <a href=\"http:\/\/www.gsv-zwickau.de\/wp-content\/gallery\/wandern_21\/IMG_8039.JPG\"\n               title=\"\"\n               data-src=\"http:\/\/www.gsv-zwickau.de\/wp-content\/gallery\/wandern_21\/IMG_8039.JPG\"\n               data-thumbnail=\"http:\/\/www.gsv-zwickau.de\/wp-content\/gallery\/wandern_21\/thumbs\/thumbs_IMG_8039.JPG\"\n               data-image-id=\"2323\"\n               data-title=\"IMG_8039\"\n               data-description=\"\"\n               data-image-slug=\"img_8039\"\n               class=\"ngg-fancybox\" rel=\"4fb088e3089a679b966fd1a9a67a4f67\">\n                <img\n                    title=\"IMG_8039\"\n                    alt=\"IMG_8039\"\n                    src=\"http:\/\/www.gsv-zwickau.de\/wp-content\/gallery\/wandern_21\/thumbs\/thumbs_IMG_8039.JPG\"\n                    width=\"100\"\n                    height=\"75\"\n                    style=\"max-width:100%;\"\n                \/>\n            <\/a>\n        <\/div>\n\t\t\t\t\t\t\t<\/div> \n\t\t\t\n        \n\t\t\t\t<div id=\"ngg-image-4\" class=\"ngg-gallery-thumbnail-box\" >\n\t\t\t\t        <div class=\"ngg-gallery-thumbnail\">\n            <a href=\"http:\/\/www.gsv-zwickau.de\/wp-content\/gallery\/wandern_21\/IMG_8042.JPG\"\n               title=\"\"\n               data-src=\"http:\/\/www.gsv-zwickau.de\/wp-content\/gallery\/wandern_21\/IMG_8042.JPG\"\n               data-thumbnail=\"http:\/\/www.gsv-zwickau.de\/wp-content\/gallery\/wandern_21\/thumbs\/thumbs_IMG_8042.JPG\"\n               data-image-id=\"2324\"\n               data-title=\"IMG_8042\"\n               data-description=\"\"\n               data-image-slug=\"img_8042\"\n               class=\"ngg-fancybox\" rel=\"4fb088e3089a679b966fd1a9a67a4f67\">\n                <img\n                    title=\"IMG_8042\"\n                    alt=\"IMG_8042\"\n                    src=\"http:\/\/www.gsv-zwickau.de\/wp-content\/gallery\/wandern_21\/thumbs\/thumbs_IMG_8042.JPG\"\n                    width=\"100\"\n                    height=\"75\"\n                    style=\"max-width:100%;\"\n                \/>\n            <\/a>\n        <\/div>\n\t\t\t\t\t\t\t<\/div> \n\t\t\t\n        \n\t\t\t\t<div id=\"ngg-image-5\" class=\"ngg-gallery-thumbnail-box\" >\n\t\t\t\t        <div class=\"ngg-gallery-thumbnail\">\n            <a href=\"http:\/\/www.gsv-zwickau.de\/wp-content\/gallery\/wandern_21\/IMG_8051.JPG\"\n               title=\"\"\n               data-src=\"http:\/\/www.gsv-zwickau.de\/wp-content\/gallery\/wandern_21\/IMG_8051.JPG\"\n               data-thumbnail=\"http:\/\/www.gsv-zwickau.de\/wp-content\/gallery\/wandern_21\/thumbs\/thumbs_IMG_8051.JPG\"\n               data-image-id=\"2327\"\n               data-title=\"Photo-Z\"\n               data-description=\"\"\n               data-image-slug=\"img_8051\"\n               class=\"ngg-fancybox\" rel=\"4fb088e3089a679b966fd1a9a67a4f67\">\n                <img\n                    title=\"Photo-Z\"\n                    alt=\"Photo-Z\"\n                    src=\"http:\/\/www.gsv-zwickau.de\/wp-content\/gallery\/wandern_21\/thumbs\/thumbs_IMG_8051.JPG\"\n                    width=\"100\"\n                    height=\"75\"\n                    style=\"max-width:100%;\"\n                \/>\n            <\/a>\n        <\/div>\n\t\t\t\t\t\t\t<\/div> \n\t\t\t\n        \n\t\t\t\t<div id=\"ngg-image-6\" class=\"ngg-gallery-thumbnail-box\" >\n\t\t\t\t        <div class=\"ngg-gallery-thumbnail\">\n            <a href=\"http:\/\/www.gsv-zwickau.de\/wp-content\/gallery\/wandern_21\/PHOTO-2021-08-31-21-51-04-2.jpg\"\n               title=\"\"\n               data-src=\"http:\/\/www.gsv-zwickau.de\/wp-content\/gallery\/wandern_21\/PHOTO-2021-08-31-21-51-04-2.jpg\"\n               data-thumbnail=\"http:\/\/www.gsv-zwickau.de\/wp-content\/gallery\/wandern_21\/thumbs\/thumbs_PHOTO-2021-08-31-21-51-04-2.jpg\"\n               data-image-id=\"2300\"\n               data-title=\"PHOTO-2021-08-31-21-51-04-2\"\n               data-description=\"\"\n               data-image-slug=\"photo-2021-08-31-21-51-04-2-2\"\n               class=\"ngg-fancybox\" rel=\"4fb088e3089a679b966fd1a9a67a4f67\">\n                <img\n                    title=\"PHOTO-2021-08-31-21-51-04-2\"\n                    alt=\"PHOTO-2021-08-31-21-51-04-2\"\n                    src=\"http:\/\/www.gsv-zwickau.de\/wp-content\/gallery\/wandern_21\/thumbs\/thumbs_PHOTO-2021-08-31-21-51-04-2.jpg\"\n                    width=\"100\"\n                    height=\"75\"\n                    style=\"max-width:100%;\"\n                \/>\n            <\/a>\n        <\/div>\n\t\t\t\t\t\t\t<\/div> \n\t\t\t\n        \n\t\t\t\t<div id=\"ngg-image-7\" class=\"ngg-gallery-thumbnail-box\" >\n\t\t\t\t        <div class=\"ngg-gallery-thumbnail\">\n            <a href=\"http:\/\/www.gsv-zwickau.de\/wp-content\/gallery\/wandern_21\/PHOTO-2021-08-31-21-51-04-7.jpg\"\n               title=\"\"\n               data-src=\"http:\/\/www.gsv-zwickau.de\/wp-content\/gallery\/wandern_21\/PHOTO-2021-08-31-21-51-04-7.jpg\"\n               data-thumbnail=\"http:\/\/www.gsv-zwickau.de\/wp-content\/gallery\/wandern_21\/thumbs\/thumbs_PHOTO-2021-08-31-21-51-04-7.jpg\"\n               data-image-id=\"2301\"\n               data-title=\"PHOTO-2021-08-31-21-51-04-7\"\n               data-description=\"\"\n               data-image-slug=\"photo-2021-08-31-21-51-04-7-2\"\n               class=\"ngg-fancybox\" rel=\"4fb088e3089a679b966fd1a9a67a4f67\">\n                <img\n                    title=\"PHOTO-2021-08-31-21-51-04-7\"\n                    alt=\"PHOTO-2021-08-31-21-51-04-7\"\n                    src=\"http:\/\/www.gsv-zwickau.de\/wp-content\/gallery\/wandern_21\/thumbs\/thumbs_PHOTO-2021-08-31-21-51-04-7.jpg\"\n                    width=\"100\"\n                    height=\"75\"\n                    style=\"max-width:100%;\"\n                \/>\n            <\/a>\n        <\/div>\n\t\t\t\t\t\t\t<\/div> \n\t\t\t\n        \n\t\t\t\t<div id=\"ngg-image-8\" class=\"ngg-gallery-thumbnail-box\" >\n\t\t\t\t        <div class=\"ngg-gallery-thumbnail\">\n            <a href=\"http:\/\/www.gsv-zwickau.de\/wp-content\/gallery\/wandern_21\/PHOTO-2021-08-31-21-51-04-3.jpg\"\n               title=\"\"\n               data-src=\"http:\/\/www.gsv-zwickau.de\/wp-content\/gallery\/wandern_21\/PHOTO-2021-08-31-21-51-04-3.jpg\"\n               data-thumbnail=\"http:\/\/www.gsv-zwickau.de\/wp-content\/gallery\/wandern_21\/thumbs\/thumbs_PHOTO-2021-08-31-21-51-04-3.jpg\"\n               data-image-id=\"2303\"\n               data-title=\"PHOTO-2021-08-31-21-51-04-3\"\n               data-description=\"\"\n               data-image-slug=\"photo-2021-08-31-21-51-04-3-2\"\n               class=\"ngg-fancybox\" rel=\"4fb088e3089a679b966fd1a9a67a4f67\">\n                <img\n                    title=\"PHOTO-2021-08-31-21-51-04-3\"\n                    alt=\"PHOTO-2021-08-31-21-51-04-3\"\n                    src=\"http:\/\/www.gsv-zwickau.de\/wp-content\/gallery\/wandern_21\/thumbs\/thumbs_PHOTO-2021-08-31-21-51-04-3.jpg\"\n                    width=\"100\"\n                    height=\"75\"\n                    style=\"max-width:100%;\"\n                \/>\n            <\/a>\n        <\/div>\n\t\t\t\t\t\t\t<\/div> \n\t\t\t\n        \n\t\t\t\t<div id=\"ngg-image-9\" class=\"ngg-gallery-thumbnail-box\" >\n\t\t\t\t        <div class=\"ngg-gallery-thumbnail\">\n            <a href=\"http:\/\/www.gsv-zwickau.de\/wp-content\/gallery\/wandern_21\/PHOTO-2021-08-31-21-51-04-5.jpg\"\n               title=\"\"\n               data-src=\"http:\/\/www.gsv-zwickau.de\/wp-content\/gallery\/wandern_21\/PHOTO-2021-08-31-21-51-04-5.jpg\"\n               data-thumbnail=\"http:\/\/www.gsv-zwickau.de\/wp-content\/gallery\/wandern_21\/thumbs\/thumbs_PHOTO-2021-08-31-21-51-04-5.jpg\"\n               data-image-id=\"2304\"\n               data-title=\"PHOTO-2021-08-31-21-51-04-5\"\n               data-description=\"\"\n               data-image-slug=\"photo-2021-08-31-21-51-04-5-2\"\n               class=\"ngg-fancybox\" rel=\"4fb088e3089a679b966fd1a9a67a4f67\">\n                <img\n                    title=\"PHOTO-2021-08-31-21-51-04-5\"\n                    alt=\"PHOTO-2021-08-31-21-51-04-5\"\n                    src=\"http:\/\/www.gsv-zwickau.de\/wp-content\/gallery\/wandern_21\/thumbs\/thumbs_PHOTO-2021-08-31-21-51-04-5.jpg\"\n                    width=\"100\"\n                    height=\"75\"\n                    style=\"max-width:100%;\"\n                \/>\n            <\/a>\n        <\/div>\n\t\t\t\t\t\t\t<\/div> \n\t\t\t\n        \n\t\t\t\t<div id=\"ngg-image-10\" class=\"ngg-gallery-thumbnail-box\" >\n\t\t\t\t        <div class=\"ngg-gallery-thumbnail\">\n            <a href=\"http:\/\/www.gsv-zwickau.de\/wp-content\/gallery\/wandern_21\/PHOTO-2021-08-31-21-51-04-4.jpg\"\n               title=\"\"\n               data-src=\"http:\/\/www.gsv-zwickau.de\/wp-content\/gallery\/wandern_21\/PHOTO-2021-08-31-21-51-04-4.jpg\"\n               data-thumbnail=\"http:\/\/www.gsv-zwickau.de\/wp-content\/gallery\/wandern_21\/thumbs\/thumbs_PHOTO-2021-08-31-21-51-04-4.jpg\"\n               data-image-id=\"2305\"\n               data-title=\"PHOTO-2021-08-31-21-51-04-4\"\n               data-description=\"\"\n               data-image-slug=\"photo-2021-08-31-21-51-04-4-2\"\n               class=\"ngg-fancybox\" rel=\"4fb088e3089a679b966fd1a9a67a4f67\">\n                <img\n                    title=\"PHOTO-2021-08-31-21-51-04-4\"\n                    alt=\"PHOTO-2021-08-31-21-51-04-4\"\n                    src=\"http:\/\/www.gsv-zwickau.de\/wp-content\/gallery\/wandern_21\/thumbs\/thumbs_PHOTO-2021-08-31-21-51-04-4.jpg\"\n                    width=\"100\"\n                    height=\"75\"\n                    style=\"max-width:100%;\"\n                \/>\n            <\/a>\n        <\/div>\n\t\t\t\t\t\t\t<\/div> \n\t\t\t\n        \n\t\t\t\t<div id=\"ngg-image-11\" class=\"ngg-gallery-thumbnail-box\" >\n\t\t\t\t        <div class=\"ngg-gallery-thumbnail\">\n            <a href=\"http:\/\/www.gsv-zwickau.de\/wp-content\/gallery\/wandern_21\/PHOTO-2021-08-31-21-51-04.jpg\"\n               title=\"\"\n               data-src=\"http:\/\/www.gsv-zwickau.de\/wp-content\/gallery\/wandern_21\/PHOTO-2021-08-31-21-51-04.jpg\"\n               data-thumbnail=\"http:\/\/www.gsv-zwickau.de\/wp-content\/gallery\/wandern_21\/thumbs\/thumbs_PHOTO-2021-08-31-21-51-04.jpg\"\n               data-image-id=\"2306\"\n               data-title=\"PHOTO-2021-08-31-21-51-04\"\n               data-description=\"\"\n               data-image-slug=\"photo-2021-08-31-21-51-04-10\"\n               class=\"ngg-fancybox\" rel=\"4fb088e3089a679b966fd1a9a67a4f67\">\n                <img\n                    title=\"PHOTO-2021-08-31-21-51-04\"\n                    alt=\"PHOTO-2021-08-31-21-51-04\"\n                    src=\"http:\/\/www.gsv-zwickau.de\/wp-content\/gallery\/wandern_21\/thumbs\/thumbs_PHOTO-2021-08-31-21-51-04.jpg\"\n                    width=\"100\"\n                    height=\"75\"\n                    style=\"max-width:100%;\"\n                \/>\n            <\/a>\n        <\/div>\n\t\t\t\t\t\t\t<\/div> \n\t\t\t\n        \n\t\t\n\t\t<!-- Pagination -->\n\t<div class='ngg-clear'><\/div>\t<\/div>\n\n\n\n\n<h2 class=\"wp-block-heading\">Nordic Walking<\/h2>\n\n\n\n<p>Leider verhinderte die Corona-Pandemie eine gr\u00f6\u00dfere Teilnahme am Nordic Walking. Es hatten sich nur 5 Teilnehmer gemeldet!<\/p>\n\n\n\n<p>Wir trafen uns am Sportplatz in Hellerau, um von dort aus mit unseren St\u00f6cken zu starten. Heiko Schneider erz\u00e4hlte uns unterwegs einige historische Dinge \u00fcber diesen Ort. Es regnete unterwegs richtig stark, aber das hat uns den Spa\u00df an der Sache nicht verdorben! Wie man so sch\u00f6n sagt: &#8222;Es gibt kein schlechtes Wetter, es gibt nur falsche Kleidung!&#8220; <\/p>\n\n\n\n<p>Wir liefen \u00fcber Asphalt, durch Wald und Flur \u00fcber Stock und Stein. Eine besondere Herausforderung ergab sich, als wir mit unseren St\u00f6cken durch wilde Brombeeren walken mussten. Ein&nbsp;Highlight war der Ausblick von der Halde \u00fcber die wundersch\u00f6ne Stadt Dresden!&nbsp;Auch das Erklimmen der Tr\u00fcmmerhalde war bei der N\u00e4sse f\u00fcr alle eine Herausforderung der besonderen Art. <\/p>\n\n\n\n<p>Lustig wurde es auch, als wir uns im Wald etwas verlaufen hatten. Aber Dank GPS fanden wir schnell auf den richtigen Weg zur\u00fcck. Unterwegs ging es weiter durch sch\u00f6ne bl\u00fchende Heide. F\u00fcr die 12km waren wir insgesamt 3 Stunden unterwegs.<\/p>\n\n\n\n<p>geschrieben von Saskia Fritsch<\/p>\n\n\n\n<p><\/p>\n\n\n\n<!-- index.php -->\n<div\n\tclass=\"ngg-galleryoverview ngg-ajax-pagination-none\"\n\tid=\"ngg-gallery-7a8031d00f7982e117c84c47fcd463fb-1\">\n\n    \t\t<!-- Thumbnails -->\n\t\t\t\t<div id=\"ngg-image-0\" class=\"ngg-gallery-thumbnail-box\" >\n\t\t\t\t        <div class=\"ngg-gallery-thumbnail\">\n            <a href=\"http:\/\/www.gsv-zwickau.de\/wp-content\/gallery\/nordic-walking\/IMG_8057.JPG\"\n               title=\"\"\n               data-src=\"http:\/\/www.gsv-zwickau.de\/wp-content\/gallery\/nordic-walking\/IMG_8057.JPG\"\n               data-thumbnail=\"http:\/\/www.gsv-zwickau.de\/wp-content\/gallery\/nordic-walking\/thumbs\/thumbs_IMG_8057.JPG\"\n               data-image-id=\"2310\"\n               data-title=\"IMG_8057\"\n               data-description=\"\"\n               data-image-slug=\"img_8057\"\n               class=\"ngg-fancybox\" rel=\"7a8031d00f7982e117c84c47fcd463fb\">\n                <img\n                    title=\"IMG_8057\"\n                    alt=\"IMG_8057\"\n                    src=\"http:\/\/www.gsv-zwickau.de\/wp-content\/gallery\/nordic-walking\/thumbs\/thumbs_IMG_8057.JPG\"\n                    width=\"100\"\n                    height=\"75\"\n                    style=\"max-width:100%;\"\n                \/>\n            <\/a>\n        <\/div>\n\t\t\t\t\t\t\t<\/div> \n\t\t\t\n        \n\t\t\t\t<div id=\"ngg-image-1\" class=\"ngg-gallery-thumbnail-box\" >\n\t\t\t\t        <div class=\"ngg-gallery-thumbnail\">\n            <a href=\"http:\/\/www.gsv-zwickau.de\/wp-content\/gallery\/nordic-walking\/IMG_8058.JPG\"\n               title=\"\"\n               data-src=\"http:\/\/www.gsv-zwickau.de\/wp-content\/gallery\/nordic-walking\/IMG_8058.JPG\"\n               data-thumbnail=\"http:\/\/www.gsv-zwickau.de\/wp-content\/gallery\/nordic-walking\/thumbs\/thumbs_IMG_8058.JPG\"\n               data-image-id=\"2308\"\n               data-title=\"IMG_8058\"\n               data-description=\"\"\n               data-image-slug=\"img_8058\"\n               class=\"ngg-fancybox\" rel=\"7a8031d00f7982e117c84c47fcd463fb\">\n                <img\n                    title=\"IMG_8058\"\n                    alt=\"IMG_8058\"\n                    src=\"http:\/\/www.gsv-zwickau.de\/wp-content\/gallery\/nordic-walking\/thumbs\/thumbs_IMG_8058.JPG\"\n                    width=\"100\"\n                    height=\"75\"\n                    style=\"max-width:100%;\"\n                \/>\n            <\/a>\n        <\/div>\n\t\t\t\t\t\t\t<\/div> \n\t\t\t\n        \n\t\t\t\t<div id=\"ngg-image-2\" class=\"ngg-gallery-thumbnail-box\" >\n\t\t\t\t        <div class=\"ngg-gallery-thumbnail\">\n            <a href=\"http:\/\/www.gsv-zwickau.de\/wp-content\/gallery\/nordic-walking\/IMG_8059.JPG\"\n               title=\"\"\n               data-src=\"http:\/\/www.gsv-zwickau.de\/wp-content\/gallery\/nordic-walking\/IMG_8059.JPG\"\n               data-thumbnail=\"http:\/\/www.gsv-zwickau.de\/wp-content\/gallery\/nordic-walking\/thumbs\/thumbs_IMG_8059.JPG\"\n               data-image-id=\"2309\"\n               data-title=\"IMG_8059\"\n               data-description=\"\"\n               data-image-slug=\"img_8059\"\n               class=\"ngg-fancybox\" rel=\"7a8031d00f7982e117c84c47fcd463fb\">\n                <img\n                    title=\"IMG_8059\"\n                    alt=\"IMG_8059\"\n                    src=\"http:\/\/www.gsv-zwickau.de\/wp-content\/gallery\/nordic-walking\/thumbs\/thumbs_IMG_8059.JPG\"\n                    width=\"100\"\n                    height=\"75\"\n                    style=\"max-width:100%;\"\n                \/>\n            <\/a>\n        <\/div>\n\t\t\t\t\t\t\t<\/div> \n\t\t\t\n        \n\t\t\t\t<div id=\"ngg-image-3\" class=\"ngg-gallery-thumbnail-box\" >\n\t\t\t\t        <div class=\"ngg-gallery-thumbnail\">\n            <a href=\"http:\/\/www.gsv-zwickau.de\/wp-content\/gallery\/nordic-walking\/IMG_8060.JPG\"\n               title=\"\"\n               data-src=\"http:\/\/www.gsv-zwickau.de\/wp-content\/gallery\/nordic-walking\/IMG_8060.JPG\"\n               data-thumbnail=\"http:\/\/www.gsv-zwickau.de\/wp-content\/gallery\/nordic-walking\/thumbs\/thumbs_IMG_8060.JPG\"\n               data-image-id=\"2313\"\n               data-title=\"IMG_8060\"\n               data-description=\"\"\n               data-image-slug=\"img_8060\"\n               class=\"ngg-fancybox\" rel=\"7a8031d00f7982e117c84c47fcd463fb\">\n                <img\n                    title=\"IMG_8060\"\n                    alt=\"IMG_8060\"\n                    src=\"http:\/\/www.gsv-zwickau.de\/wp-content\/gallery\/nordic-walking\/thumbs\/thumbs_IMG_8060.JPG\"\n                    width=\"100\"\n                    height=\"75\"\n                    style=\"max-width:100%;\"\n                \/>\n            <\/a>\n        <\/div>\n\t\t\t\t\t\t\t<\/div> \n\t\t\t\n        \n\t\t\t\t<div id=\"ngg-image-4\" class=\"ngg-gallery-thumbnail-box\" >\n\t\t\t\t        <div class=\"ngg-gallery-thumbnail\">\n            <a href=\"http:\/\/www.gsv-zwickau.de\/wp-content\/gallery\/nordic-walking\/IMG_8061.JPG\"\n               title=\"\"\n               data-src=\"http:\/\/www.gsv-zwickau.de\/wp-content\/gallery\/nordic-walking\/IMG_8061.JPG\"\n               data-thumbnail=\"http:\/\/www.gsv-zwickau.de\/wp-content\/gallery\/nordic-walking\/thumbs\/thumbs_IMG_8061.JPG\"\n               data-image-id=\"2315\"\n               data-title=\"IMG_8061\"\n               data-description=\"\"\n               data-image-slug=\"img_8061\"\n               class=\"ngg-fancybox\" rel=\"7a8031d00f7982e117c84c47fcd463fb\">\n                <img\n                    title=\"IMG_8061\"\n                    alt=\"IMG_8061\"\n                    src=\"http:\/\/www.gsv-zwickau.de\/wp-content\/gallery\/nordic-walking\/thumbs\/thumbs_IMG_8061.JPG\"\n                    width=\"100\"\n                    height=\"75\"\n                    style=\"max-width:100%;\"\n                \/>\n            <\/a>\n        <\/div>\n\t\t\t\t\t\t\t<\/div> \n\t\t\t\n        \n\t\t\t\t<div id=\"ngg-image-5\" class=\"ngg-gallery-thumbnail-box\" >\n\t\t\t\t        <div class=\"ngg-gallery-thumbnail\">\n            <a href=\"http:\/\/www.gsv-zwickau.de\/wp-content\/gallery\/nordic-walking\/IMG_8062.JPG\"\n               title=\"\"\n               data-src=\"http:\/\/www.gsv-zwickau.de\/wp-content\/gallery\/nordic-walking\/IMG_8062.JPG\"\n               data-thumbnail=\"http:\/\/www.gsv-zwickau.de\/wp-content\/gallery\/nordic-walking\/thumbs\/thumbs_IMG_8062.JPG\"\n               data-image-id=\"2312\"\n               data-title=\"IMG_8062\"\n               data-description=\"\"\n               data-image-slug=\"img_8062\"\n               class=\"ngg-fancybox\" rel=\"7a8031d00f7982e117c84c47fcd463fb\">\n                <img\n                    title=\"IMG_8062\"\n                    alt=\"IMG_8062\"\n                    src=\"http:\/\/www.gsv-zwickau.de\/wp-content\/gallery\/nordic-walking\/thumbs\/thumbs_IMG_8062.JPG\"\n                    width=\"100\"\n                    height=\"75\"\n                    style=\"max-width:100%;\"\n                \/>\n            <\/a>\n        <\/div>\n\t\t\t\t\t\t\t<\/div> \n\t\t\t\n        \n\t\t\t\t<div id=\"ngg-image-6\" class=\"ngg-gallery-thumbnail-box\" >\n\t\t\t\t        <div class=\"ngg-gallery-thumbnail\">\n            <a href=\"http:\/\/www.gsv-zwickau.de\/wp-content\/gallery\/nordic-walking\/IMG_8065.JPG\"\n               title=\"\"\n               data-src=\"http:\/\/www.gsv-zwickau.de\/wp-content\/gallery\/nordic-walking\/IMG_8065.JPG\"\n               data-thumbnail=\"http:\/\/www.gsv-zwickau.de\/wp-content\/gallery\/nordic-walking\/thumbs\/thumbs_IMG_8065.JPG\"\n               data-image-id=\"2317\"\n               data-title=\"IMG_8065\"\n               data-description=\"\"\n               data-image-slug=\"img_8065\"\n               class=\"ngg-fancybox\" rel=\"7a8031d00f7982e117c84c47fcd463fb\">\n                <img\n                    title=\"IMG_8065\"\n                    alt=\"IMG_8065\"\n                    src=\"http:\/\/www.gsv-zwickau.de\/wp-content\/gallery\/nordic-walking\/thumbs\/thumbs_IMG_8065.JPG\"\n                    width=\"100\"\n                    height=\"75\"\n                    style=\"max-width:100%;\"\n                \/>\n            <\/a>\n        <\/div>\n\t\t\t\t\t\t\t<\/div> \n\t\t\t\n        \n\t\t\t\t<div id=\"ngg-image-7\" class=\"ngg-gallery-thumbnail-box\" >\n\t\t\t\t        <div class=\"ngg-gallery-thumbnail\">\n            <a href=\"http:\/\/www.gsv-zwickau.de\/wp-content\/gallery\/nordic-walking\/IMG_8069.JPG\"\n               title=\"\"\n               data-src=\"http:\/\/www.gsv-zwickau.de\/wp-content\/gallery\/nordic-walking\/IMG_8069.JPG\"\n               data-thumbnail=\"http:\/\/www.gsv-zwickau.de\/wp-content\/gallery\/nordic-walking\/thumbs\/thumbs_IMG_8069.JPG\"\n               data-image-id=\"2316\"\n               data-title=\"IMG_8069\"\n               data-description=\"\"\n               data-image-slug=\"img_8069\"\n               class=\"ngg-fancybox\" rel=\"7a8031d00f7982e117c84c47fcd463fb\">\n                <img\n                    title=\"IMG_8069\"\n                    alt=\"IMG_8069\"\n                    src=\"http:\/\/www.gsv-zwickau.de\/wp-content\/gallery\/nordic-walking\/thumbs\/thumbs_IMG_8069.JPG\"\n                    width=\"100\"\n                    height=\"75\"\n                    style=\"max-width:100%;\"\n                \/>\n            <\/a>\n        <\/div>\n\t\t\t\t\t\t\t<\/div> \n\t\t\t\n        \n\t\t\t\t<div id=\"ngg-image-8\" class=\"ngg-gallery-thumbnail-box\" >\n\t\t\t\t        <div class=\"ngg-gallery-thumbnail\">\n            <a href=\"http:\/\/www.gsv-zwickau.de\/wp-content\/gallery\/nordic-walking\/IMG_8070.JPG\"\n               title=\"\"\n               data-src=\"http:\/\/www.gsv-zwickau.de\/wp-content\/gallery\/nordic-walking\/IMG_8070.JPG\"\n               data-thumbnail=\"http:\/\/www.gsv-zwickau.de\/wp-content\/gallery\/nordic-walking\/thumbs\/thumbs_IMG_8070.JPG\"\n               data-image-id=\"2314\"\n               data-title=\"IMG_8070\"\n               data-description=\"\"\n               data-image-slug=\"img_8070\"\n               class=\"ngg-fancybox\" rel=\"7a8031d00f7982e117c84c47fcd463fb\">\n                <img\n                    title=\"IMG_8070\"\n                    alt=\"IMG_8070\"\n                    src=\"http:\/\/www.gsv-zwickau.de\/wp-content\/gallery\/nordic-walking\/thumbs\/thumbs_IMG_8070.JPG\"\n                    width=\"100\"\n                    height=\"75\"\n                    style=\"max-width:100%;\"\n                \/>\n            <\/a>\n        <\/div>\n\t\t\t\t\t\t\t<\/div> \n\t\t\t\n        \n\t\t\t\t<div id=\"ngg-image-9\" class=\"ngg-gallery-thumbnail-box\" >\n\t\t\t\t        <div class=\"ngg-gallery-thumbnail\">\n            <a href=\"http:\/\/www.gsv-zwickau.de\/wp-content\/gallery\/nordic-walking\/IMG_8074.JPG\"\n               title=\"\"\n               data-src=\"http:\/\/www.gsv-zwickau.de\/wp-content\/gallery\/nordic-walking\/IMG_8074.JPG\"\n               data-thumbnail=\"http:\/\/www.gsv-zwickau.de\/wp-content\/gallery\/nordic-walking\/thumbs\/thumbs_IMG_8074.JPG\"\n               data-image-id=\"2311\"\n               data-title=\"IMG_8074\"\n               data-description=\"\"\n               data-image-slug=\"img_8074\"\n               class=\"ngg-fancybox\" rel=\"7a8031d00f7982e117c84c47fcd463fb\">\n                <img\n                    title=\"IMG_8074\"\n                    alt=\"IMG_8074\"\n                    src=\"http:\/\/www.gsv-zwickau.de\/wp-content\/gallery\/nordic-walking\/thumbs\/thumbs_IMG_8074.JPG\"\n                    width=\"100\"\n                    height=\"75\"\n                    style=\"max-width:100%;\"\n                \/>\n            <\/a>\n        <\/div>\n\t\t\t\t\t\t\t<\/div> \n\t\t\t\n        \n\t\t\n\t\t<!-- Pagination -->\n\t<div class='ngg-clear'><\/div>\t<\/div>\n\n\n\n\n<p><\/p>\n","protected":false},"excerpt":{"rendered":"<p>Peggy Steinbach:&nbsp;Wir m\u00f6chten einen kurzen Bericht vom Sportfest in Dresden geben, bei dem viele unserer Sportler des GSV Zwickau teilnahmen. Zum Beispiel waren wir beim Beach-Volleyball, bei Leichtathletik, bei Nordic Walking und beim Wandern vertreten. Und unsere Sportler haben nicht nur Erfolge mit nach Hause gebracht, sondern auch viele sch\u00f6ne Erinnerungen an ein tolles Sportereignis.Beim [&hellip;]<\/p>\n","protected":false},"author":5,"featured_media":9750,"comment_status":"closed","ping_status":"closed","sticky":false,"template":"","format":"standard","meta":{"ngg_post_thumbnail":0},"categories":[1,48],"tags":[],"_links":{"self":[{"href":"http:\/\/www.gsv-zwickau.de\/index.php?rest_route=\/wp\/v2\/posts\/9745"}],"collection":[{"href":"http:\/\/www.gsv-zwickau.de\/index.php?rest_route=\/wp\/v2\/posts"}],"about":[{"href":"http:\/\/www.gsv-zwickau.de\/index.php?rest_route=\/wp\/v2\/types\/post"}],"author":[{"embeddable":true,"href":"http:\/\/www.gsv-zwickau.de\/index.php?rest_route=\/wp\/v2\/users\/5"}],"replies":[{"embeddable":true,"href":"http:\/\/www.gsv-zwickau.de\/index.php?rest_route=%2Fwp%2Fv2%2Fcomments&post=9745"}],"version-history":[{"count":16,"href":"http:\/\/www.gsv-zwickau.de\/index.php?rest_route=\/wp\/v2\/posts\/9745\/revisions"}],"predecessor-version":[{"id":9825,"href":"http:\/\/www.gsv-zwickau.de\/index.php?rest_route=\/wp\/v2\/posts\/9745\/revisions\/9825"}],"wp:featuredmedia":[{"embeddable":true,"href":"http:\/\/www.gsv-zwickau.de\/index.php?rest_route=\/wp\/v2\/media\/9750"}],"wp:attachment":[{"href":"http:\/\/www.gsv-zwickau.de\/index.php?rest_route=%2Fwp%2Fv2%2Fmedia&parent=9745"}],"wp:term":[{"taxonomy":"category","embeddable":true,"href":"http:\/\/www.gsv-zwickau.de\/index.php?rest_route=%2Fwp%2Fv2%2Fcategories&post=9745"},{"taxonomy":"post_tag","embeddable":true,"href":"http:\/\/www.gsv-zwickau.de\/index.php?rest_route=%2Fwp%2Fv2%2Ftags&post=9745"}],"curies":[{"name":"wp","href":"https:\/\/api.w.org\/{rel}","templated":true}]}}